{"id":774,"date":"2025-05-13T19:16:16","date_gmt":"2025-05-13T19:16:16","guid":{"rendered":"https:\/\/aaea-angola.org\/?p=774"},"modified":"2025-05-13T19:16:16","modified_gmt":"2025-05-13T19:16:16","slug":"aaea-participa-do-conselho-provincial-da-familia-no-cuanza-sul","status":"publish","type":"post","link":"https:\/\/aaea-angola.org\/?p=774","title":{"rendered":"AAEA Participa do Conselho Provincial da Fam\u00edlia no Cuanza Sul"},"content":{"rendered":"\n<h1 class=\"wp-block-heading\"><\/h1>\n\n\n\n<p>Associa\u00e7\u00e3o Angolana para a Educa\u00e7\u00e3o de Adultos (AAEA) marcou presen\u00e7a, na \u00faltima quinta-feira (8), no Conselho Provincial da Fam\u00edlia, promovido pelo Gabinete Provincial da Ac\u00e7\u00e3o Social, Fam\u00edlia e Igualdade de G\u00eanero do Cuanza Sul, no Audit\u00f3rio Armando Fandamo Ndembo, no munic\u00edpio do Sumbe, sob o lema <strong>\u201cInvestir nas Fam\u00edlias, para Garantir uma Sociedade mais Harmoniosa\u201d<\/strong>.<\/p>\n\n\n\n<p>A actividade reuniu os administradores dos 24 munic\u00edpios da prov\u00edncia, autoridades tradicionais, l\u00edderes religiosos, representantes de Organiza\u00e7\u00f5es da Sociedade Civil (OSC), e a popula\u00e7\u00e3o em geral. <\/p>\n\n\n\n<p><strong>Para al\u00e9m do conselho, o evento contou com uma feira de orienta\u00e7\u00e3o dos servi\u00e7os sociais<\/strong>, realizada no largo adjacente ao audit\u00f3rio. Uma feira que serviu de espa\u00e7o de intera\u00e7\u00e3o directa entre a popula\u00e7\u00e3o e os diferentes servi\u00e7os p\u00fablicos e organiza\u00e7\u00f5es da sociedade civil, com a AAEA a destacar-se pela sua participa\u00e7\u00e3o activa e contributo na mobiliza\u00e7\u00e3o comunit\u00e1ria.<\/p>\n\n\n\n<p>A presen\u00e7a da AAEA refor\u00e7a o seu compromisso em apoiar iniciativas que promovam a inclus\u00e3o social, a protec\u00e7\u00e3o das fam\u00edlias e o fortalecimento da cidadania nas comunidades rurais e urbanas do Cuanza Sul.<\/p>\n","protected":false},"excerpt":{"rendered":"<p>Associa\u00e7\u00e3o Angolana para a Educa\u00e7\u00e3o de Adultos (AAEA) marcou presen\u00e7a, na \u00faltima quinta-feira (8), no Conselho Provincial da Fam\u00edlia, promovido pelo Gabinete Provincial da Ac\u00e7\u00e3o Social, Fam\u00edlia e Igualdade de G\u00eanero do Cuanza Sul, no Audit\u00f3rio Armando Fandamo Ndembo, no munic\u00edpio do Sumbe, sob o lema \u201cInvestir nas Fam\u00edlias, para Garantir uma Sociedade mais Harmoniosa\u201d&#8230;.<\/p>\n","protected":false},"author":2,"featured_media":775,"comment_status":"open","ping_status":"open","sticky":false,"template":"","format":"standard","meta":{"saved_in_kubio":false,"footnotes":""},"categories":[1,9],"tags":[],"class_list":["post-774","post","type-post","status-publish","format-standard","has-post-thumbnail","hentry","category-noticias-3","category-noticias"],"yoast_head":"<!-- This site is optimized with the Yoast SEO plugin v23.5 - https:\/\/yoast.com\/wordpress\/plugins\/seo\/ -->\n<title>AAEA Participa do Conselho Provincial da Fam\u00edlia no Cuanza Sul &#183;<\/title>\n<meta name=\"description\" content=\"AAEA Participa do Conselho Provincial da Fam\u00edlia no Cuanza Sul Not\u00edcias &#183;\" \/>\n<meta name=\"robots\" content=\"index, follow, max-snippet:-1, max-image-preview:large, max-video-preview:-1\" \/>\n<link rel=\"canonical\" href=\"https:\/\/aaea-angola.org\/?p=774\" \/>\n<meta property=\"og:locale\" content=\"pt_BR\" \/>\n<meta property=\"og:type\" content=\"article\" \/>\n<meta property=\"og:title\" content=\"AAEA Participa do Conselho Provincial da Fam\u00edlia no Cuanza Sul &#183;\" \/>\n<meta property=\"og:description\" content=\"AAEA Participa do Conselho Provincial da Fam\u00edlia no Cuanza Sul Not\u00edcias &#183;\" \/>\n<meta property=\"og:url\" content=\"https:\/\/aaea-angola.org\/?p=774\" \/>\n<meta property=\"article:published_time\" content=\"2025-05-13T19:16:16+00:00\" \/>\n<meta property=\"og:image\" content=\"https:\/\/aaea-angola.org\/wp-content\/uploads\/2025\/05\/feirasumbe.jpg\" \/>\n\t<meta property=\"og:image:width\" content=\"1280\" \/>\n\t<meta property=\"og:image:height\" content=\"975\" \/>\n\t<meta property=\"og:image:type\" content=\"image\/jpeg\" \/>\n<meta name=\"author\" content=\"Menezes Menezes\" \/>\n<meta name=\"twitter:card\" content=\"summary_large_image\" \/>\n<meta name=\"twitter:label1\" content=\"Escrito por\" \/>\n\t<meta name=\"twitter:data1\" content=\"Menezes Menezes\" \/>\n\t<meta name=\"twitter:label2\" content=\"Est. tempo de leitura\" \/>\n\t<meta name=\"twitter:data2\" content=\"2 minutos\" \/>\n<script type=\"application\/ld+json\" class=\"yoast-schema-graph\">{\"@context\":\"https:\/\/schema.org\",\"@graph\":[{\"@type\":\"Article\",\"@id\":\"https:\/\/aaea-angola.org\/?p=774#article\",\"isPartOf\":{\"@id\":\"https:\/\/aaea-angola.org\/?p=774\"},\"author\":{\"name\":\"Menezes Menezes\",\"@id\":\"https:\/\/aaea-angola.org\/#\/schema\/person\/f1d0f067b400a01353f51ce84bbe3da2\"},\"headline\":\"AAEA Participa do Conselho Provincial da Fam\u00edlia no Cuanza Sul\",\"datePublished\":\"2025-05-13T19:16:16+00:00\",\"dateModified\":\"2025-05-13T19:16:16+00:00\",\"mainEntityOfPage\":{\"@id\":\"https:\/\/aaea-angola.org\/?p=774\"},\"wordCount\":213,\"commentCount\":0,\"publisher\":{\"@id\":\"https:\/\/aaea-angola.org\/#organization\"},\"image\":{\"@id\":\"https:\/\/aaea-angola.org\/?p=774#primaryimage\"},\"thumbnailUrl\":\"https:\/\/aaea-angola.org\/wp-content\/uploads\/2025\/05\/feirasumbe.jpg\",\"articleSection\":[\"Not\u00edcias\",\"Not\u00edcias\"],\"inLanguage\":\"pt-BR\",\"potentialAction\":[{\"@type\":\"CommentAction\",\"name\":\"Comment\",\"target\":[\"https:\/\/aaea-angola.org\/?p=774#respond\"]}]},{\"@type\":\"WebPage\",\"@id\":\"https:\/\/aaea-angola.org\/?p=774\",\"url\":\"https:\/\/aaea-angola.org\/?p=774\",\"name\":\"AAEA Participa do Conselho Provincial da Fam\u00edlia no Cuanza Sul &#183;\",\"isPartOf\":{\"@id\":\"https:\/\/aaea-angola.org\/#website\"},\"primaryImageOfPage\":{\"@id\":\"https:\/\/aaea-angola.org\/?p=774#primaryimage\"},\"image\":{\"@id\":\"https:\/\/aaea-angola.org\/?p=774#primaryimage\"},\"thumbnailUrl\":\"https:\/\/aaea-angola.org\/wp-content\/uploads\/2025\/05\/feirasumbe.jpg\",\"datePublished\":\"2025-05-13T19:16:16+00:00\",\"dateModified\":\"2025-05-13T19:16:16+00:00\",\"description\":\"AAEA Participa do Conselho Provincial da Fam\u00edlia no Cuanza Sul Not\u00edcias &#183;\",\"breadcrumb\":{\"@id\":\"https:\/\/aaea-angola.org\/?p=774#breadcrumb\"},\"inLanguage\":\"pt-BR\",\"potentialAction\":[{\"@type\":\"ReadAction\",\"target\":[\"https:\/\/aaea-angola.org\/?p=774\"]}]},{\"@type\":\"ImageObject\",\"inLanguage\":\"pt-BR\",\"@id\":\"https:\/\/aaea-angola.org\/?p=774#primaryimage\",\"url\":\"https:\/\/aaea-angola.org\/wp-content\/uploads\/2025\/05\/feirasumbe.jpg\",\"contentUrl\":\"https:\/\/aaea-angola.org\/wp-content\/uploads\/2025\/05\/feirasumbe.jpg\",\"width\":1280,\"height\":975},{\"@type\":\"BreadcrumbList\",\"@id\":\"https:\/\/aaea-angola.org\/?p=774#breadcrumb\",\"itemListElement\":[{\"@type\":\"ListItem\",\"position\":1,\"name\":\"In\u00edcio\",\"item\":\"https:\/\/aaea-angola.org\/\"},{\"@type\":\"ListItem\",\"position\":2,\"name\":\"AAEA Participa do Conselho Provincial da Fam\u00edlia no Cuanza Sul\"}]},{\"@type\":\"WebSite\",\"@id\":\"https:\/\/aaea-angola.org\/#website\",\"url\":\"https:\/\/aaea-angola.org\/\",\"name\":\"\",\"description\":\"\",\"publisher\":{\"@id\":\"https:\/\/aaea-angola.org\/#organization\"},\"alternateName\":\"Associa\u00e7\u00e3o Angolana para Educa\u00e7\u00e3o de Adultos\",\"potentialAction\":[{\"@type\":\"SearchAction\",\"target\":{\"@type\":\"EntryPoint\",\"urlTemplate\":\"https:\/\/aaea-angola.org\/?s={search_term_string}\"},\"query-input\":{\"@type\":\"PropertyValueSpecification\",\"valueRequired\":true,\"valueName\":\"search_term_string\"}}],\"inLanguage\":\"pt-BR\"},{\"@type\":\"Organization\",\"@id\":\"https:\/\/aaea-angola.org\/#organization\",\"name\":\"A.A.E.A\",\"alternateName\":\"Associa\u00e7\u00e3o Angolana para Educa\u00e7\u00e3o de Adultos\",\"url\":\"https:\/\/aaea-angola.org\/\",\"logo\":{\"@type\":\"ImageObject\",\"inLanguage\":\"pt-BR\",\"@id\":\"https:\/\/aaea-angola.org\/#\/schema\/logo\/image\/\",\"url\":\"https:\/\/aaea-angola.org\/wp-content\/uploads\/2023\/01\/logo.png\",\"contentUrl\":\"https:\/\/aaea-angola.org\/wp-content\/uploads\/2023\/01\/logo.png\",\"width\":316,\"height\":95,\"caption\":\"A.A.E.A\"},\"image\":{\"@id\":\"https:\/\/aaea-angola.org\/#\/schema\/logo\/image\/\"}},{\"@type\":\"Person\",\"@id\":\"https:\/\/aaea-angola.org\/#\/schema\/person\/f1d0f067b400a01353f51ce84bbe3da2\",\"name\":\"Menezes Menezes\",\"image\":{\"@type\":\"ImageObject\",\"inLanguage\":\"pt-BR\",\"@id\":\"https:\/\/aaea-angola.org\/#\/schema\/person\/image\/\",\"url\":\"https:\/\/secure.gravatar.com\/avatar\/de9909fe4110f9443ab569c45be8b2001a71f1c03c3af24e986be0dbf63b0c4b?s=96&d=mm&r=g\",\"contentUrl\":\"https:\/\/secure.gravatar.com\/avatar\/de9909fe4110f9443ab569c45be8b2001a71f1c03c3af24e986be0dbf63b0c4b?s=96&d=mm&r=g\",\"caption\":\"Menezes Menezes\"},\"sameAs\":[\"https:\/\/www.instagram.com\/aaea_edadultos\/#\"],\"url\":\"https:\/\/aaea-angola.org\/?author=2\"}]}<\/script>\n<!-- \/ Yoast SEO plugin. -->","yoast_head_json":{"title":"AAEA Participa do Conselho Provincial da Fam\u00edlia no Cuanza Sul &#183;","description":"AAEA Participa do Conselho Provincial da Fam\u00edlia no Cuanza Sul Not\u00edcias &#183;","robots":{"index":"index","follow":"follow","max-snippet":"max-snippet:-1","max-image-preview":"max-image-preview:large","max-video-preview":"max-video-preview:-1"},"canonical":"https:\/\/aaea-angola.org\/?p=774","og_locale":"pt_BR","og_type":"article","og_title":"AAEA Participa do Conselho Provincial da Fam\u00edlia no Cuanza Sul &#183;","og_description":"AAEA Participa do Conselho Provincial da Fam\u00edlia no Cuanza Sul Not\u00edcias &#183;","og_url":"https:\/\/aaea-angola.org\/?p=774","article_published_time":"2025-05-13T19:16:16+00:00","og_image":[{"width":1280,"height":975,"url":"https:\/\/aaea-angola.org\/wp-content\/uploads\/2025\/05\/feirasumbe.jpg","type":"image\/jpeg"}],"author":"Menezes Menezes","twitter_card":"summary_large_image","twitter_misc":{"Escrito por":"Menezes Menezes","Est. tempo de leitura":"2 minutos"},"schema":{"@context":"https:\/\/schema.org","@graph":[{"@type":"Article","@id":"https:\/\/aaea-angola.org\/?p=774#article","isPartOf":{"@id":"https:\/\/aaea-angola.org\/?p=774"},"author":{"name":"Menezes Menezes","@id":"https:\/\/aaea-angola.org\/#\/schema\/person\/f1d0f067b400a01353f51ce84bbe3da2"},"headline":"AAEA Participa do Conselho Provincial da Fam\u00edlia no Cuanza Sul","datePublished":"2025-05-13T19:16:16+00:00","dateModified":"2025-05-13T19:16:16+00:00","mainEntityOfPage":{"@id":"https:\/\/aaea-angola.org\/?p=774"},"wordCount":213,"commentCount":0,"publisher":{"@id":"https:\/\/aaea-angola.org\/#organization"},"image":{"@id":"https:\/\/aaea-angola.org\/?p=774#primaryimage"},"thumbnailUrl":"https:\/\/aaea-angola.org\/wp-content\/uploads\/2025\/05\/feirasumbe.jpg","articleSection":["Not\u00edcias","Not\u00edcias"],"inLanguage":"pt-BR","potentialAction":[{"@type":"CommentAction","name":"Comment","target":["https:\/\/aaea-angola.org\/?p=774#respond"]}]},{"@type":"WebPage","@id":"https:\/\/aaea-angola.org\/?p=774","url":"https:\/\/aaea-angola.org\/?p=774","name":"AAEA Participa do Conselho Provincial da Fam\u00edlia no Cuanza Sul &#183;","isPartOf":{"@id":"https:\/\/aaea-angola.org\/#website"},"primaryImageOfPage":{"@id":"https:\/\/aaea-angola.org\/?p=774#primaryimage"},"image":{"@id":"https:\/\/aaea-angola.org\/?p=774#primaryimage"},"thumbnailUrl":"https:\/\/aaea-angola.org\/wp-content\/uploads\/2025\/05\/feirasumbe.jpg","datePublished":"2025-05-13T19:16:16+00:00","dateModified":"2025-05-13T19:16:16+00:00","description":"AAEA Participa do Conselho Provincial da Fam\u00edlia no Cuanza Sul Not\u00edcias &#183;","breadcrumb":{"@id":"https:\/\/aaea-angola.org\/?p=774#breadcrumb"},"inLanguage":"pt-BR","potentialAction":[{"@type":"ReadAction","target":["https:\/\/aaea-angola.org\/?p=774"]}]},{"@type":"ImageObject","inLanguage":"pt-BR","@id":"https:\/\/aaea-angola.org\/?p=774#primaryimage","url":"https:\/\/aaea-angola.org\/wp-content\/uploads\/2025\/05\/feirasumbe.jpg","contentUrl":"https:\/\/aaea-angola.org\/wp-content\/uploads\/2025\/05\/feirasumbe.jpg","width":1280,"height":975},{"@type":"BreadcrumbList","@id":"https:\/\/aaea-angola.org\/?p=774#breadcrumb","itemListElement":[{"@type":"ListItem","position":1,"name":"In\u00edcio","item":"https:\/\/aaea-angola.org\/"},{"@type":"ListItem","position":2,"name":"AAEA Participa do Conselho Provincial da Fam\u00edlia no Cuanza Sul"}]},{"@type":"WebSite","@id":"https:\/\/aaea-angola.org\/#website","url":"https:\/\/aaea-angola.org\/","name":"","description":"","publisher":{"@id":"https:\/\/aaea-angola.org\/#organization"},"alternateName":"Associa\u00e7\u00e3o Angolana para Educa\u00e7\u00e3o de Adultos","potentialAction":[{"@type":"SearchAction","target":{"@type":"EntryPoint","urlTemplate":"https:\/\/aaea-angola.org\/?s={search_term_string}"},"query-input":{"@type":"PropertyValueSpecification","valueRequired":true,"valueName":"search_term_string"}}],"inLanguage":"pt-BR"},{"@type":"Organization","@id":"https:\/\/aaea-angola.org\/#organization","name":"A.A.E.A","alternateName":"Associa\u00e7\u00e3o Angolana para Educa\u00e7\u00e3o de Adultos","url":"https:\/\/aaea-angola.org\/","logo":{"@type":"ImageObject","inLanguage":"pt-BR","@id":"https:\/\/aaea-angola.org\/#\/schema\/logo\/image\/","url":"https:\/\/aaea-angola.org\/wp-content\/uploads\/2023\/01\/logo.png","contentUrl":"https:\/\/aaea-angola.org\/wp-content\/uploads\/2023\/01\/logo.png","width":316,"height":95,"caption":"A.A.E.A"},"image":{"@id":"https:\/\/aaea-angola.org\/#\/schema\/logo\/image\/"}},{"@type":"Person","@id":"https:\/\/aaea-angola.org\/#\/schema\/person\/f1d0f067b400a01353f51ce84bbe3da2","name":"Menezes Menezes","image":{"@type":"ImageObject","inLanguage":"pt-BR","@id":"https:\/\/aaea-angola.org\/#\/schema\/person\/image\/","url":"https:\/\/secure.gravatar.com\/avatar\/de9909fe4110f9443ab569c45be8b2001a71f1c03c3af24e986be0dbf63b0c4b?s=96&d=mm&r=g","contentUrl":"https:\/\/secure.gravatar.com\/avatar\/de9909fe4110f9443ab569c45be8b2001a71f1c03c3af24e986be0dbf63b0c4b?s=96&d=mm&r=g","caption":"Menezes Menezes"},"sameAs":["https:\/\/www.instagram.com\/aaea_edadultos\/#"],"url":"https:\/\/aaea-angola.org\/?author=2"}]}},"_links":{"self":[{"href":"https:\/\/aaea-angola.org\/index.php?rest_route=\/wp\/v2\/posts\/774","targetHints":{"allow":["GET"]}}],"collection":[{"href":"https:\/\/aaea-angola.org\/index.php?rest_route=\/wp\/v2\/posts"}],"about":[{"href":"https:\/\/aaea-angola.org\/index.php?rest_route=\/wp\/v2\/types\/post"}],"author":[{"embeddable":true,"href":"https:\/\/aaea-angola.org\/index.php?rest_route=\/wp\/v2\/users\/2"}],"replies":[{"embeddable":true,"href":"https:\/\/aaea-angola.org\/index.php?rest_route=%2Fwp%2Fv2%2Fcomments&post=774"}],"version-history":[{"count":1,"href":"https:\/\/aaea-angola.org\/index.php?rest_route=\/wp\/v2\/posts\/774\/revisions"}],"predecessor-version":[{"id":776,"href":"https:\/\/aaea-angola.org\/index.php?rest_route=\/wp\/v2\/posts\/774\/revisions\/776"}],"wp:featuredmedia":[{"embeddable":true,"href":"https:\/\/aaea-angola.org\/index.php?rest_route=\/wp\/v2\/media\/775"}],"wp:attachment":[{"href":"https:\/\/aaea-angola.org\/index.php?rest_route=%2Fwp%2Fv2%2Fmedia&parent=774"}],"wp:term":[{"taxonomy":"category","embeddable":true,"href":"https:\/\/aaea-angola.org\/index.php?rest_route=%2Fwp%2Fv2%2Fcategories&post=774"},{"taxonomy":"post_tag","embeddable":true,"href":"https:\/\/aaea-angola.org\/index.php?rest_route=%2Fwp%2Fv2%2Ftags&post=774"}],"curies":[{"name":"wp","href":"https:\/\/api.w.org\/{rel}","templated":true}]}}