{"id":762,"date":"2025-02-24T12:20:26","date_gmt":"2025-02-24T12:20:26","guid":{"rendered":"https:\/\/aaea-angola.org\/?p=762"},"modified":"2025-02-24T12:20:26","modified_gmt":"2025-02-24T12:20:26","slug":"aaea-discute-alfabetizacao-e-educacao-de-adultos-em-angola-e-mocambique","status":"publish","type":"post","link":"https:\/\/aaea-angola.org\/?p=762","title":{"rendered":"AAEA discute alfabetiza\u00e7\u00e3o e educa\u00e7\u00e3o de adultos em Angola e Mo\u00e7ambique"},"content":{"rendered":"\n<p>A Associa\u00e7\u00e3o Angolana para Educa\u00e7\u00e3o de Adultos, estar\u00e1 a participar, no pr\u00f3ximo dia 27 de janeiro, \u00e0s 13h, de um webinar que vai juntar especialistas e profissionais da educa\u00e7\u00e3o para discutir o ponto de situa\u00e7\u00e3o da alfabetiza\u00e7\u00e3o e educa\u00e7\u00e3o de adultos em Angola e Mo\u00e7ambique. O evento faz parte da s\u00e9rie Webinar Series, promovida pelo MOJA \u2013 Adult Education Africa ser\u00e1 transmitido pela plataforma Zoom.<\/p>\n\n\n\n<p>A iniciativa visa promover uma reflex\u00e3o sobre os desafios e avan\u00e7os na educa\u00e7\u00e3o de adultos, com a participa\u00e7\u00e3o de especialistas do sector. <strong>Altino Nunes<\/strong>, <strong>T\u00e9cnico S\u00eanior da AAEA (Associa\u00e7\u00e3o Angolana para Educa\u00e7\u00e3o de Adultos)<\/strong>, representar\u00e1 Angola no evento, trazendo insights sobre as iniciativas e pol\u00edticas p\u00fablicas voltadas para a alfabetiza\u00e7\u00e3o no pa\u00eds.<\/p>\n\n\n\n<p>O webinar \u00e9 gratuito e aberto ao p\u00fablico. Link para inscri\u00e7\u00e3o: <a href=\"https:\/\/us02web.zoom.us\/meeting\/register\/8EPk670zTW28iWiG7lv66w\">https:\/\/us02web.zoom.us\/meeting\/register\/8EPk670zTW28iWiG7lv66w<\/a><br>Interessados podem obter mais informa\u00e7\u00f5es pelo e-mail <strong>informacaoecomunicacao@aaea-angola.org<\/strong><\/p>\n","protected":false},"excerpt":{"rendered":"<p>A Associa\u00e7\u00e3o Angolana para Educa\u00e7\u00e3o de Adultos, estar\u00e1 a participar, no pr\u00f3ximo dia 27 de janeiro, \u00e0s 13h, de um webinar que vai juntar especialistas e profissionais da educa\u00e7\u00e3o para discutir o ponto de situa\u00e7\u00e3o da alfabetiza\u00e7\u00e3o e educa\u00e7\u00e3o de adultos em Angola e Mo\u00e7ambique. O evento faz parte da s\u00e9rie Webinar Series, promovida pelo&#8230;<\/p>\n","protected":false},"author":2,"featured_media":763,"comment_status":"open","ping_status":"open","sticky":false,"template":"","format":"standard","meta":{"saved_in_kubio":false,"footnotes":""},"categories":[9],"tags":[16,31,18,19,20],"class_list":["post-762","post","type-post","status-publish","format-standard","has-post-thumbnail","hentry","category-noticias","tag-actividades-aaea","tag-alfabetizacao","tag-angola","tag-educacao-nao-formal","tag-educacao-para-adultos"],"yoast_head":"<!-- This site is optimized with the Yoast SEO plugin v23.5 - https:\/\/yoast.com\/wordpress\/plugins\/seo\/ -->\n<title>AAEA discute alfabetiza\u00e7\u00e3o e educa\u00e7\u00e3o de adultos em Angola e Mo\u00e7ambique &#183;<\/title>\n<meta name=\"description\" content=\"AAEA discute alfabetiza\u00e7\u00e3o e educa\u00e7\u00e3o de adultos em Angola e Mo\u00e7ambique Not\u00edcias &#183;\" \/>\n<meta name=\"robots\" content=\"index, follow, max-snippet:-1, max-image-preview:large, max-video-preview:-1\" \/>\n<link rel=\"canonical\" href=\"https:\/\/aaea-angola.org\/?p=762\" \/>\n<meta property=\"og:locale\" content=\"pt_BR\" \/>\n<meta property=\"og:type\" content=\"article\" \/>\n<meta property=\"og:title\" content=\"AAEA discute alfabetiza\u00e7\u00e3o e educa\u00e7\u00e3o de adultos em Angola e Mo\u00e7ambique &#183;\" \/>\n<meta property=\"og:description\" content=\"AAEA discute alfabetiza\u00e7\u00e3o e educa\u00e7\u00e3o de adultos em Angola e Mo\u00e7ambique Not\u00edcias &#183;\" \/>\n<meta property=\"og:url\" content=\"https:\/\/aaea-angola.org\/?p=762\" \/>\n<meta property=\"article:published_time\" content=\"2025-02-24T12:20:26+00:00\" \/>\n<meta property=\"og:image\" content=\"https:\/\/aaea-angola.org\/wp-content\/uploads\/2025\/02\/Post-Instagram-Encontro.png\" \/>\n\t<meta property=\"og:image:width\" content=\"1080\" \/>\n\t<meta property=\"og:image:height\" content=\"1080\" \/>\n\t<meta property=\"og:image:type\" content=\"image\/png\" \/>\n<meta name=\"author\" content=\"Menezes Menezes\" \/>\n<meta name=\"twitter:card\" content=\"summary_large_image\" \/>\n<meta name=\"twitter:label1\" content=\"Escrito por\" \/>\n\t<meta name=\"twitter:data1\" content=\"Menezes Menezes\" \/>\n\t<meta name=\"twitter:label2\" content=\"Est. tempo de leitura\" \/>\n\t<meta name=\"twitter:data2\" content=\"1 minuto\" \/>\n<script type=\"application\/ld+json\" class=\"yoast-schema-graph\">{\"@context\":\"https:\/\/schema.org\",\"@graph\":[{\"@type\":\"Article\",\"@id\":\"https:\/\/aaea-angola.org\/?p=762#article\",\"isPartOf\":{\"@id\":\"https:\/\/aaea-angola.org\/?p=762\"},\"author\":{\"name\":\"Menezes Menezes\",\"@id\":\"https:\/\/aaea-angola.org\/#\/schema\/person\/f1d0f067b400a01353f51ce84bbe3da2\"},\"headline\":\"AAEA discute alfabetiza\u00e7\u00e3o e educa\u00e7\u00e3o de adultos em Angola e Mo\u00e7ambique\",\"datePublished\":\"2025-02-24T12:20:26+00:00\",\"dateModified\":\"2025-02-24T12:20:26+00:00\",\"mainEntityOfPage\":{\"@id\":\"https:\/\/aaea-angola.org\/?p=762\"},\"wordCount\":185,\"commentCount\":0,\"publisher\":{\"@id\":\"https:\/\/aaea-angola.org\/#organization\"},\"image\":{\"@id\":\"https:\/\/aaea-angola.org\/?p=762#primaryimage\"},\"thumbnailUrl\":\"https:\/\/aaea-angola.org\/wp-content\/uploads\/2025\/02\/Post-Instagram-Encontro.png\",\"keywords\":[\"actividades aaea\",\"alfabetiza\u00e7\u00e3o\",\"angola\",\"educa\u00e7\u00e3o n\u00e3o formal\",\"educa\u00e7\u00e3o para adultos\"],\"articleSection\":[\"Not\u00edcias\"],\"inLanguage\":\"pt-BR\",\"potentialAction\":[{\"@type\":\"CommentAction\",\"name\":\"Comment\",\"target\":[\"https:\/\/aaea-angola.org\/?p=762#respond\"]}]},{\"@type\":\"WebPage\",\"@id\":\"https:\/\/aaea-angola.org\/?p=762\",\"url\":\"https:\/\/aaea-angola.org\/?p=762\",\"name\":\"AAEA discute alfabetiza\u00e7\u00e3o e educa\u00e7\u00e3o de adultos em Angola e Mo\u00e7ambique &#183;\",\"isPartOf\":{\"@id\":\"https:\/\/aaea-angola.org\/#website\"},\"primaryImageOfPage\":{\"@id\":\"https:\/\/aaea-angola.org\/?p=762#primaryimage\"},\"image\":{\"@id\":\"https:\/\/aaea-angola.org\/?p=762#primaryimage\"},\"thumbnailUrl\":\"https:\/\/aaea-angola.org\/wp-content\/uploads\/2025\/02\/Post-Instagram-Encontro.png\",\"datePublished\":\"2025-02-24T12:20:26+00:00\",\"dateModified\":\"2025-02-24T12:20:26+00:00\",\"description\":\"AAEA discute alfabetiza\u00e7\u00e3o e educa\u00e7\u00e3o de adultos em Angola e Mo\u00e7ambique Not\u00edcias &#183;\",\"breadcrumb\":{\"@id\":\"https:\/\/aaea-angola.org\/?p=762#breadcrumb\"},\"inLanguage\":\"pt-BR\",\"potentialAction\":[{\"@type\":\"ReadAction\",\"target\":[\"https:\/\/aaea-angola.org\/?p=762\"]}]},{\"@type\":\"ImageObject\",\"inLanguage\":\"pt-BR\",\"@id\":\"https:\/\/aaea-angola.org\/?p=762#primaryimage\",\"url\":\"https:\/\/aaea-angola.org\/wp-content\/uploads\/2025\/02\/Post-Instagram-Encontro.png\",\"contentUrl\":\"https:\/\/aaea-angola.org\/wp-content\/uploads\/2025\/02\/Post-Instagram-Encontro.png\",\"width\":1080,\"height\":1080},{\"@type\":\"BreadcrumbList\",\"@id\":\"https:\/\/aaea-angola.org\/?p=762#breadcrumb\",\"itemListElement\":[{\"@type\":\"ListItem\",\"position\":1,\"name\":\"In\u00edcio\",\"item\":\"https:\/\/aaea-angola.org\/\"},{\"@type\":\"ListItem\",\"position\":2,\"name\":\"AAEA discute alfabetiza\u00e7\u00e3o e educa\u00e7\u00e3o de adultos em Angola e Mo\u00e7ambique\"}]},{\"@type\":\"WebSite\",\"@id\":\"https:\/\/aaea-angola.org\/#website\",\"url\":\"https:\/\/aaea-angola.org\/\",\"name\":\"\",\"description\":\"\",\"publisher\":{\"@id\":\"https:\/\/aaea-angola.org\/#organization\"},\"alternateName\":\"Associa\u00e7\u00e3o Angolana para Educa\u00e7\u00e3o de Adultos\",\"potentialAction\":[{\"@type\":\"SearchAction\",\"target\":{\"@type\":\"EntryPoint\",\"urlTemplate\":\"https:\/\/aaea-angola.org\/?s={search_term_string}\"},\"query-input\":{\"@type\":\"PropertyValueSpecification\",\"valueRequired\":true,\"valueName\":\"search_term_string\"}}],\"inLanguage\":\"pt-BR\"},{\"@type\":\"Organization\",\"@id\":\"https:\/\/aaea-angola.org\/#organization\",\"name\":\"A.A.E.A\",\"alternateName\":\"Associa\u00e7\u00e3o Angolana para Educa\u00e7\u00e3o de Adultos\",\"url\":\"https:\/\/aaea-angola.org\/\",\"logo\":{\"@type\":\"ImageObject\",\"inLanguage\":\"pt-BR\",\"@id\":\"https:\/\/aaea-angola.org\/#\/schema\/logo\/image\/\",\"url\":\"https:\/\/aaea-angola.org\/wp-content\/uploads\/2023\/01\/logo.png\",\"contentUrl\":\"https:\/\/aaea-angola.org\/wp-content\/uploads\/2023\/01\/logo.png\",\"width\":316,\"height\":95,\"caption\":\"A.A.E.A\"},\"image\":{\"@id\":\"https:\/\/aaea-angola.org\/#\/schema\/logo\/image\/\"}},{\"@type\":\"Person\",\"@id\":\"https:\/\/aaea-angola.org\/#\/schema\/person\/f1d0f067b400a01353f51ce84bbe3da2\",\"name\":\"Menezes Menezes\",\"image\":{\"@type\":\"ImageObject\",\"inLanguage\":\"pt-BR\",\"@id\":\"https:\/\/aaea-angola.org\/#\/schema\/person\/image\/\",\"url\":\"https:\/\/secure.gravatar.com\/avatar\/de9909fe4110f9443ab569c45be8b2001a71f1c03c3af24e986be0dbf63b0c4b?s=96&d=mm&r=g\",\"contentUrl\":\"https:\/\/secure.gravatar.com\/avatar\/de9909fe4110f9443ab569c45be8b2001a71f1c03c3af24e986be0dbf63b0c4b?s=96&d=mm&r=g\",\"caption\":\"Menezes Menezes\"},\"sameAs\":[\"https:\/\/www.instagram.com\/aaea_edadultos\/#\"],\"url\":\"https:\/\/aaea-angola.org\/?author=2\"}]}<\/script>\n<!-- \/ Yoast SEO plugin. -->","yoast_head_json":{"title":"AAEA discute alfabetiza\u00e7\u00e3o e educa\u00e7\u00e3o de adultos em Angola e Mo\u00e7ambique &#183;","description":"AAEA discute alfabetiza\u00e7\u00e3o e educa\u00e7\u00e3o de adultos em Angola e Mo\u00e7ambique Not\u00edcias &#183;","robots":{"index":"index","follow":"follow","max-snippet":"max-snippet:-1","max-image-preview":"max-image-preview:large","max-video-preview":"max-video-preview:-1"},"canonical":"https:\/\/aaea-angola.org\/?p=762","og_locale":"pt_BR","og_type":"article","og_title":"AAEA discute alfabetiza\u00e7\u00e3o e educa\u00e7\u00e3o de adultos em Angola e Mo\u00e7ambique &#183;","og_description":"AAEA discute alfabetiza\u00e7\u00e3o e educa\u00e7\u00e3o de adultos em Angola e Mo\u00e7ambique Not\u00edcias &#183;","og_url":"https:\/\/aaea-angola.org\/?p=762","article_published_time":"2025-02-24T12:20:26+00:00","og_image":[{"width":1080,"height":1080,"url":"https:\/\/aaea-angola.org\/wp-content\/uploads\/2025\/02\/Post-Instagram-Encontro.png","type":"image\/png"}],"author":"Menezes Menezes","twitter_card":"summary_large_image","twitter_misc":{"Escrito por":"Menezes Menezes","Est. tempo de leitura":"1 minuto"},"schema":{"@context":"https:\/\/schema.org","@graph":[{"@type":"Article","@id":"https:\/\/aaea-angola.org\/?p=762#article","isPartOf":{"@id":"https:\/\/aaea-angola.org\/?p=762"},"author":{"name":"Menezes Menezes","@id":"https:\/\/aaea-angola.org\/#\/schema\/person\/f1d0f067b400a01353f51ce84bbe3da2"},"headline":"AAEA discute alfabetiza\u00e7\u00e3o e educa\u00e7\u00e3o de adultos em Angola e Mo\u00e7ambique","datePublished":"2025-02-24T12:20:26+00:00","dateModified":"2025-02-24T12:20:26+00:00","mainEntityOfPage":{"@id":"https:\/\/aaea-angola.org\/?p=762"},"wordCount":185,"commentCount":0,"publisher":{"@id":"https:\/\/aaea-angola.org\/#organization"},"image":{"@id":"https:\/\/aaea-angola.org\/?p=762#primaryimage"},"thumbnailUrl":"https:\/\/aaea-angola.org\/wp-content\/uploads\/2025\/02\/Post-Instagram-Encontro.png","keywords":["actividades aaea","alfabetiza\u00e7\u00e3o","angola","educa\u00e7\u00e3o n\u00e3o formal","educa\u00e7\u00e3o para adultos"],"articleSection":["Not\u00edcias"],"inLanguage":"pt-BR","potentialAction":[{"@type":"CommentAction","name":"Comment","target":["https:\/\/aaea-angola.org\/?p=762#respond"]}]},{"@type":"WebPage","@id":"https:\/\/aaea-angola.org\/?p=762","url":"https:\/\/aaea-angola.org\/?p=762","name":"AAEA discute alfabetiza\u00e7\u00e3o e educa\u00e7\u00e3o de adultos em Angola e Mo\u00e7ambique &#183;","isPartOf":{"@id":"https:\/\/aaea-angola.org\/#website"},"primaryImageOfPage":{"@id":"https:\/\/aaea-angola.org\/?p=762#primaryimage"},"image":{"@id":"https:\/\/aaea-angola.org\/?p=762#primaryimage"},"thumbnailUrl":"https:\/\/aaea-angola.org\/wp-content\/uploads\/2025\/02\/Post-Instagram-Encontro.png","datePublished":"2025-02-24T12:20:26+00:00","dateModified":"2025-02-24T12:20:26+00:00","description":"AAEA discute alfabetiza\u00e7\u00e3o e educa\u00e7\u00e3o de adultos em Angola e Mo\u00e7ambique Not\u00edcias &#183;","breadcrumb":{"@id":"https:\/\/aaea-angola.org\/?p=762#breadcrumb"},"inLanguage":"pt-BR","potentialAction":[{"@type":"ReadAction","target":["https:\/\/aaea-angola.org\/?p=762"]}]},{"@type":"ImageObject","inLanguage":"pt-BR","@id":"https:\/\/aaea-angola.org\/?p=762#primaryimage","url":"https:\/\/aaea-angola.org\/wp-content\/uploads\/2025\/02\/Post-Instagram-Encontro.png","contentUrl":"https:\/\/aaea-angola.org\/wp-content\/uploads\/2025\/02\/Post-Instagram-Encontro.png","width":1080,"height":1080},{"@type":"BreadcrumbList","@id":"https:\/\/aaea-angola.org\/?p=762#breadcrumb","itemListElement":[{"@type":"ListItem","position":1,"name":"In\u00edcio","item":"https:\/\/aaea-angola.org\/"},{"@type":"ListItem","position":2,"name":"AAEA discute alfabetiza\u00e7\u00e3o e educa\u00e7\u00e3o de adultos em Angola e Mo\u00e7ambique"}]},{"@type":"WebSite","@id":"https:\/\/aaea-angola.org\/#website","url":"https:\/\/aaea-angola.org\/","name":"","description":"","publisher":{"@id":"https:\/\/aaea-angola.org\/#organization"},"alternateName":"Associa\u00e7\u00e3o Angolana para Educa\u00e7\u00e3o de Adultos","potentialAction":[{"@type":"SearchAction","target":{"@type":"EntryPoint","urlTemplate":"https:\/\/aaea-angola.org\/?s={search_term_string}"},"query-input":{"@type":"PropertyValueSpecification","valueRequired":true,"valueName":"search_term_string"}}],"inLanguage":"pt-BR"},{"@type":"Organization","@id":"https:\/\/aaea-angola.org\/#organization","name":"A.A.E.A","alternateName":"Associa\u00e7\u00e3o Angolana para Educa\u00e7\u00e3o de Adultos","url":"https:\/\/aaea-angola.org\/","logo":{"@type":"ImageObject","inLanguage":"pt-BR","@id":"https:\/\/aaea-angola.org\/#\/schema\/logo\/image\/","url":"https:\/\/aaea-angola.org\/wp-content\/uploads\/2023\/01\/logo.png","contentUrl":"https:\/\/aaea-angola.org\/wp-content\/uploads\/2023\/01\/logo.png","width":316,"height":95,"caption":"A.A.E.A"},"image":{"@id":"https:\/\/aaea-angola.org\/#\/schema\/logo\/image\/"}},{"@type":"Person","@id":"https:\/\/aaea-angola.org\/#\/schema\/person\/f1d0f067b400a01353f51ce84bbe3da2","name":"Menezes Menezes","image":{"@type":"ImageObject","inLanguage":"pt-BR","@id":"https:\/\/aaea-angola.org\/#\/schema\/person\/image\/","url":"https:\/\/secure.gravatar.com\/avatar\/de9909fe4110f9443ab569c45be8b2001a71f1c03c3af24e986be0dbf63b0c4b?s=96&d=mm&r=g","contentUrl":"https:\/\/secure.gravatar.com\/avatar\/de9909fe4110f9443ab569c45be8b2001a71f1c03c3af24e986be0dbf63b0c4b?s=96&d=mm&r=g","caption":"Menezes Menezes"},"sameAs":["https:\/\/www.instagram.com\/aaea_edadultos\/#"],"url":"https:\/\/aaea-angola.org\/?author=2"}]}},"_links":{"self":[{"href":"https:\/\/aaea-angola.org\/index.php?rest_route=\/wp\/v2\/posts\/762","targetHints":{"allow":["GET"]}}],"collection":[{"href":"https:\/\/aaea-angola.org\/index.php?rest_route=\/wp\/v2\/posts"}],"about":[{"href":"https:\/\/aaea-angola.org\/index.php?rest_route=\/wp\/v2\/types\/post"}],"author":[{"embeddable":true,"href":"https:\/\/aaea-angola.org\/index.php?rest_route=\/wp\/v2\/users\/2"}],"replies":[{"embeddable":true,"href":"https:\/\/aaea-angola.org\/index.php?rest_route=%2Fwp%2Fv2%2Fcomments&post=762"}],"version-history":[{"count":1,"href":"https:\/\/aaea-angola.org\/index.php?rest_route=\/wp\/v2\/posts\/762\/revisions"}],"predecessor-version":[{"id":764,"href":"https:\/\/aaea-angola.org\/index.php?rest_route=\/wp\/v2\/posts\/762\/revisions\/764"}],"wp:featuredmedia":[{"embeddable":true,"href":"https:\/\/aaea-angola.org\/index.php?rest_route=\/wp\/v2\/media\/763"}],"wp:attachment":[{"href":"https:\/\/aaea-angola.org\/index.php?rest_route=%2Fwp%2Fv2%2Fmedia&parent=762"}],"wp:term":[{"taxonomy":"category","embeddable":true,"href":"https:\/\/aaea-angola.org\/index.php?rest_route=%2Fwp%2Fv2%2Fcategories&post=762"},{"taxonomy":"post_tag","embeddable":true,"href":"https:\/\/aaea-angola.org\/index.php?rest_route=%2Fwp%2Fv2%2Ftags&post=762"}],"curies":[{"name":"wp","href":"https:\/\/api.w.org\/{rel}","templated":true}]}}