{"id":721,"date":"2024-10-14T12:05:55","date_gmt":"2024-10-14T12:05:55","guid":{"rendered":"https:\/\/aaea-angola.org\/?p=721"},"modified":"2024-10-14T12:06:30","modified_gmt":"2024-10-14T12:06:30","slug":"aaea-promove-encontro-de-reflexao-e-preparacao-para-o-ano-lectivo-2024-25","status":"publish","type":"post","link":"https:\/\/aaea-angola.org\/?p=721","title":{"rendered":"AAEA promove encontro de reflex\u00e3o e prepara\u00e7\u00e3o para o ano lectivo 2024\/25"},"content":{"rendered":"\n<p>A Associa\u00e7\u00e3o Angolana para a Educa\u00e7\u00e3o de Adultos realizou, na \u00faltima quinta-feira (10), um encontro de reflex\u00e3o e prepara\u00e7\u00e3o do ano lectivo, com os c\u00edrculos dos munic\u00edpios da Viana e Cacuaco (Funda) com a presen\u00e7a de 35 facilitadores, dos quais 6 da Funda, no col\u00e9gio Quintal do Saber, em Viana, com o objectivo de promover a coes\u00e3o entre os facilitadores e estabelecer um plano para o ano lectivo.<\/p>\n\n\n\n<p>Durante o encontro, os participantes tiveram a oportunidade de refletir sobre os resultados do ano lectivo anterior, com uma an\u00e1lise detalhada das metas alcan\u00e7adas e dos desafios enfrentados. O momento foi tamb\u00e9m uma oportunidade para partilha do processo da inclus\u00e3o dos facilitadores de Viana, no Programa de alfabetiza\u00e7\u00e3o &#8220;PAT II\u201d, levado a cabo pelo governo, onde 29 dos 32 facilitadores de Viana est\u00e3o inclu\u00eddos.<\/p>\n\n\n\n<p>A planifica\u00e7\u00e3o pedag\u00f3gica foi um dos pontos centrais do evento, onde os facilitadores discutiram o calend\u00e1rio escolar, eventos importantes e definiram os objetivos pedag\u00f3gicos para 2024\/2025, numa troca de ideias que permitiu um melhor alinhamento das actividades a serem realizadas ao longo do ano, assegurando que o planejamento fosse estruturado de maneira eficiente.<\/p>\n","protected":false},"excerpt":{"rendered":"<p>A Associa\u00e7\u00e3o Angolana para a Educa\u00e7\u00e3o de Adultos realizou, na \u00faltima quinta-feira (10), um encontro de reflex\u00e3o e prepara\u00e7\u00e3o do ano lectivo, com os c\u00edrculos dos munic\u00edpios da Viana e Cacuaco (Funda) com a presen\u00e7a de 35 facilitadores, dos quais 6 da Funda, no col\u00e9gio Quintal do Saber, em Viana, com o objectivo de promover&#8230;<\/p>\n","protected":false},"author":2,"featured_media":722,"comment_status":"open","ping_status":"open","sticky":false,"template":"","format":"standard","meta":{"saved_in_kubio":false,"footnotes":""},"categories":[9],"tags":[24,18,19,26,21],"class_list":["post-721","post","type-post","status-publish","format-standard","has-post-thumbnail","hentry","category-noticias","tag-aaea","tag-angola","tag-educacao-nao-formal","tag-noticias","tag-projectosocial"],"yoast_head":"<!-- This site is optimized with the Yoast SEO plugin v23.5 - https:\/\/yoast.com\/wordpress\/plugins\/seo\/ -->\n<title>AAEA promove encontro de reflex\u00e3o e prepara\u00e7\u00e3o para o ano lectivo 2024\/25 &#183;<\/title>\n<meta name=\"description\" content=\"AAEA promove encontro de reflex\u00e3o e prepara\u00e7\u00e3o para o ano lectivo 2024\/25 Not\u00edcias &#183;\" \/>\n<meta name=\"robots\" content=\"index, follow, max-snippet:-1, max-image-preview:large, max-video-preview:-1\" \/>\n<link rel=\"canonical\" href=\"https:\/\/aaea-angola.org\/?p=721\" \/>\n<meta property=\"og:locale\" content=\"pt_BR\" \/>\n<meta property=\"og:type\" content=\"article\" \/>\n<meta property=\"og:title\" content=\"AAEA promove encontro de reflex\u00e3o e prepara\u00e7\u00e3o para o ano lectivo 2024\/25 &#183;\" \/>\n<meta property=\"og:description\" content=\"AAEA promove encontro de reflex\u00e3o e prepara\u00e7\u00e3o para o ano lectivo 2024\/25 Not\u00edcias &#183;\" \/>\n<meta property=\"og:url\" content=\"https:\/\/aaea-angola.org\/?p=721\" \/>\n<meta property=\"article:published_time\" content=\"2024-10-14T12:05:55+00:00\" \/>\n<meta property=\"article:modified_time\" content=\"2024-10-14T12:06:30+00:00\" \/>\n<meta property=\"og:image\" content=\"https:\/\/aaea-angola.org\/wp-content\/uploads\/2024\/10\/Imagem-WhatsApp-2024-10-14-as-13.01.39_3c17264b.jpg\" \/>\n\t<meta property=\"og:image:width\" content=\"1280\" \/>\n\t<meta property=\"og:image:height\" content=\"960\" \/>\n\t<meta property=\"og:image:type\" content=\"image\/jpeg\" \/>\n<meta name=\"author\" content=\"Menezes Menezes\" \/>\n<meta name=\"twitter:card\" content=\"summary_large_image\" \/>\n<meta name=\"twitter:label1\" content=\"Escrito por\" \/>\n\t<meta name=\"twitter:data1\" content=\"Menezes Menezes\" \/>\n\t<meta name=\"twitter:label2\" content=\"Est. tempo de leitura\" \/>\n\t<meta name=\"twitter:data2\" content=\"2 minutos\" \/>\n<script type=\"application\/ld+json\" class=\"yoast-schema-graph\">{\"@context\":\"https:\/\/schema.org\",\"@graph\":[{\"@type\":\"Article\",\"@id\":\"https:\/\/aaea-angola.org\/?p=721#article\",\"isPartOf\":{\"@id\":\"https:\/\/aaea-angola.org\/?p=721\"},\"author\":{\"name\":\"Menezes Menezes\",\"@id\":\"https:\/\/aaea-angola.org\/#\/schema\/person\/f1d0f067b400a01353f51ce84bbe3da2\"},\"headline\":\"AAEA promove encontro de reflex\u00e3o e prepara\u00e7\u00e3o para o ano lectivo 2024\/25\",\"datePublished\":\"2024-10-14T12:05:55+00:00\",\"dateModified\":\"2024-10-14T12:06:30+00:00\",\"mainEntityOfPage\":{\"@id\":\"https:\/\/aaea-angola.org\/?p=721\"},\"wordCount\":212,\"commentCount\":0,\"publisher\":{\"@id\":\"https:\/\/aaea-angola.org\/#organization\"},\"image\":{\"@id\":\"https:\/\/aaea-angola.org\/?p=721#primaryimage\"},\"thumbnailUrl\":\"https:\/\/aaea-angola.org\/wp-content\/uploads\/2024\/10\/Imagem-WhatsApp-2024-10-14-as-13.01.39_3c17264b.jpg\",\"keywords\":[\"AAEA\",\"angola\",\"educa\u00e7\u00e3o n\u00e3o formal\",\"noticias\",\"projectosocial\"],\"articleSection\":[\"Not\u00edcias\"],\"inLanguage\":\"pt-BR\",\"potentialAction\":[{\"@type\":\"CommentAction\",\"name\":\"Comment\",\"target\":[\"https:\/\/aaea-angola.org\/?p=721#respond\"]}]},{\"@type\":\"WebPage\",\"@id\":\"https:\/\/aaea-angola.org\/?p=721\",\"url\":\"https:\/\/aaea-angola.org\/?p=721\",\"name\":\"AAEA promove encontro de reflex\u00e3o e prepara\u00e7\u00e3o para o ano lectivo 2024\/25 &#183;\",\"isPartOf\":{\"@id\":\"https:\/\/aaea-angola.org\/#website\"},\"primaryImageOfPage\":{\"@id\":\"https:\/\/aaea-angola.org\/?p=721#primaryimage\"},\"image\":{\"@id\":\"https:\/\/aaea-angola.org\/?p=721#primaryimage\"},\"thumbnailUrl\":\"https:\/\/aaea-angola.org\/wp-content\/uploads\/2024\/10\/Imagem-WhatsApp-2024-10-14-as-13.01.39_3c17264b.jpg\",\"datePublished\":\"2024-10-14T12:05:55+00:00\",\"dateModified\":\"2024-10-14T12:06:30+00:00\",\"description\":\"AAEA promove encontro de reflex\u00e3o e prepara\u00e7\u00e3o para o ano lectivo 2024\/25 Not\u00edcias &#183;\",\"breadcrumb\":{\"@id\":\"https:\/\/aaea-angola.org\/?p=721#breadcrumb\"},\"inLanguage\":\"pt-BR\",\"potentialAction\":[{\"@type\":\"ReadAction\",\"target\":[\"https:\/\/aaea-angola.org\/?p=721\"]}]},{\"@type\":\"ImageObject\",\"inLanguage\":\"pt-BR\",\"@id\":\"https:\/\/aaea-angola.org\/?p=721#primaryimage\",\"url\":\"https:\/\/aaea-angola.org\/wp-content\/uploads\/2024\/10\/Imagem-WhatsApp-2024-10-14-as-13.01.39_3c17264b.jpg\",\"contentUrl\":\"https:\/\/aaea-angola.org\/wp-content\/uploads\/2024\/10\/Imagem-WhatsApp-2024-10-14-as-13.01.39_3c17264b.jpg\",\"width\":1280,\"height\":960},{\"@type\":\"BreadcrumbList\",\"@id\":\"https:\/\/aaea-angola.org\/?p=721#breadcrumb\",\"itemListElement\":[{\"@type\":\"ListItem\",\"position\":1,\"name\":\"In\u00edcio\",\"item\":\"https:\/\/aaea-angola.org\/\"},{\"@type\":\"ListItem\",\"position\":2,\"name\":\"AAEA promove encontro de reflex\u00e3o e prepara\u00e7\u00e3o para o ano lectivo 2024\/25\"}]},{\"@type\":\"WebSite\",\"@id\":\"https:\/\/aaea-angola.org\/#website\",\"url\":\"https:\/\/aaea-angola.org\/\",\"name\":\"\",\"description\":\"\",\"publisher\":{\"@id\":\"https:\/\/aaea-angola.org\/#organization\"},\"alternateName\":\"Associa\u00e7\u00e3o Angolana para Educa\u00e7\u00e3o de Adultos\",\"potentialAction\":[{\"@type\":\"SearchAction\",\"target\":{\"@type\":\"EntryPoint\",\"urlTemplate\":\"https:\/\/aaea-angola.org\/?s={search_term_string}\"},\"query-input\":{\"@type\":\"PropertyValueSpecification\",\"valueRequired\":true,\"valueName\":\"search_term_string\"}}],\"inLanguage\":\"pt-BR\"},{\"@type\":\"Organization\",\"@id\":\"https:\/\/aaea-angola.org\/#organization\",\"name\":\"A.A.E.A\",\"alternateName\":\"Associa\u00e7\u00e3o Angolana para Educa\u00e7\u00e3o de Adultos\",\"url\":\"https:\/\/aaea-angola.org\/\",\"logo\":{\"@type\":\"ImageObject\",\"inLanguage\":\"pt-BR\",\"@id\":\"https:\/\/aaea-angola.org\/#\/schema\/logo\/image\/\",\"url\":\"https:\/\/aaea-angola.org\/wp-content\/uploads\/2023\/01\/logo.png\",\"contentUrl\":\"https:\/\/aaea-angola.org\/wp-content\/uploads\/2023\/01\/logo.png\",\"width\":316,\"height\":95,\"caption\":\"A.A.E.A\"},\"image\":{\"@id\":\"https:\/\/aaea-angola.org\/#\/schema\/logo\/image\/\"}},{\"@type\":\"Person\",\"@id\":\"https:\/\/aaea-angola.org\/#\/schema\/person\/f1d0f067b400a01353f51ce84bbe3da2\",\"name\":\"Menezes Menezes\",\"image\":{\"@type\":\"ImageObject\",\"inLanguage\":\"pt-BR\",\"@id\":\"https:\/\/aaea-angola.org\/#\/schema\/person\/image\/\",\"url\":\"https:\/\/secure.gravatar.com\/avatar\/de9909fe4110f9443ab569c45be8b2001a71f1c03c3af24e986be0dbf63b0c4b?s=96&d=mm&r=g\",\"contentUrl\":\"https:\/\/secure.gravatar.com\/avatar\/de9909fe4110f9443ab569c45be8b2001a71f1c03c3af24e986be0dbf63b0c4b?s=96&d=mm&r=g\",\"caption\":\"Menezes Menezes\"},\"sameAs\":[\"https:\/\/www.instagram.com\/aaea_edadultos\/#\"],\"url\":\"https:\/\/aaea-angola.org\/?author=2\"}]}<\/script>\n<!-- \/ Yoast SEO plugin. -->","yoast_head_json":{"title":"AAEA promove encontro de reflex\u00e3o e prepara\u00e7\u00e3o para o ano lectivo 2024\/25 &#183;","description":"AAEA promove encontro de reflex\u00e3o e prepara\u00e7\u00e3o para o ano lectivo 2024\/25 Not\u00edcias &#183;","robots":{"index":"index","follow":"follow","max-snippet":"max-snippet:-1","max-image-preview":"max-image-preview:large","max-video-preview":"max-video-preview:-1"},"canonical":"https:\/\/aaea-angola.org\/?p=721","og_locale":"pt_BR","og_type":"article","og_title":"AAEA promove encontro de reflex\u00e3o e prepara\u00e7\u00e3o para o ano lectivo 2024\/25 &#183;","og_description":"AAEA promove encontro de reflex\u00e3o e prepara\u00e7\u00e3o para o ano lectivo 2024\/25 Not\u00edcias &#183;","og_url":"https:\/\/aaea-angola.org\/?p=721","article_published_time":"2024-10-14T12:05:55+00:00","article_modified_time":"2024-10-14T12:06:30+00:00","og_image":[{"width":1280,"height":960,"url":"https:\/\/aaea-angola.org\/wp-content\/uploads\/2024\/10\/Imagem-WhatsApp-2024-10-14-as-13.01.39_3c17264b.jpg","type":"image\/jpeg"}],"author":"Menezes Menezes","twitter_card":"summary_large_image","twitter_misc":{"Escrito por":"Menezes Menezes","Est. tempo de leitura":"2 minutos"},"schema":{"@context":"https:\/\/schema.org","@graph":[{"@type":"Article","@id":"https:\/\/aaea-angola.org\/?p=721#article","isPartOf":{"@id":"https:\/\/aaea-angola.org\/?p=721"},"author":{"name":"Menezes Menezes","@id":"https:\/\/aaea-angola.org\/#\/schema\/person\/f1d0f067b400a01353f51ce84bbe3da2"},"headline":"AAEA promove encontro de reflex\u00e3o e prepara\u00e7\u00e3o para o ano lectivo 2024\/25","datePublished":"2024-10-14T12:05:55+00:00","dateModified":"2024-10-14T12:06:30+00:00","mainEntityOfPage":{"@id":"https:\/\/aaea-angola.org\/?p=721"},"wordCount":212,"commentCount":0,"publisher":{"@id":"https:\/\/aaea-angola.org\/#organization"},"image":{"@id":"https:\/\/aaea-angola.org\/?p=721#primaryimage"},"thumbnailUrl":"https:\/\/aaea-angola.org\/wp-content\/uploads\/2024\/10\/Imagem-WhatsApp-2024-10-14-as-13.01.39_3c17264b.jpg","keywords":["AAEA","angola","educa\u00e7\u00e3o n\u00e3o formal","noticias","projectosocial"],"articleSection":["Not\u00edcias"],"inLanguage":"pt-BR","potentialAction":[{"@type":"CommentAction","name":"Comment","target":["https:\/\/aaea-angola.org\/?p=721#respond"]}]},{"@type":"WebPage","@id":"https:\/\/aaea-angola.org\/?p=721","url":"https:\/\/aaea-angola.org\/?p=721","name":"AAEA promove encontro de reflex\u00e3o e prepara\u00e7\u00e3o para o ano lectivo 2024\/25 &#183;","isPartOf":{"@id":"https:\/\/aaea-angola.org\/#website"},"primaryImageOfPage":{"@id":"https:\/\/aaea-angola.org\/?p=721#primaryimage"},"image":{"@id":"https:\/\/aaea-angola.org\/?p=721#primaryimage"},"thumbnailUrl":"https:\/\/aaea-angola.org\/wp-content\/uploads\/2024\/10\/Imagem-WhatsApp-2024-10-14-as-13.01.39_3c17264b.jpg","datePublished":"2024-10-14T12:05:55+00:00","dateModified":"2024-10-14T12:06:30+00:00","description":"AAEA promove encontro de reflex\u00e3o e prepara\u00e7\u00e3o para o ano lectivo 2024\/25 Not\u00edcias &#183;","breadcrumb":{"@id":"https:\/\/aaea-angola.org\/?p=721#breadcrumb"},"inLanguage":"pt-BR","potentialAction":[{"@type":"ReadAction","target":["https:\/\/aaea-angola.org\/?p=721"]}]},{"@type":"ImageObject","inLanguage":"pt-BR","@id":"https:\/\/aaea-angola.org\/?p=721#primaryimage","url":"https:\/\/aaea-angola.org\/wp-content\/uploads\/2024\/10\/Imagem-WhatsApp-2024-10-14-as-13.01.39_3c17264b.jpg","contentUrl":"https:\/\/aaea-angola.org\/wp-content\/uploads\/2024\/10\/Imagem-WhatsApp-2024-10-14-as-13.01.39_3c17264b.jpg","width":1280,"height":960},{"@type":"BreadcrumbList","@id":"https:\/\/aaea-angola.org\/?p=721#breadcrumb","itemListElement":[{"@type":"ListItem","position":1,"name":"In\u00edcio","item":"https:\/\/aaea-angola.org\/"},{"@type":"ListItem","position":2,"name":"AAEA promove encontro de reflex\u00e3o e prepara\u00e7\u00e3o para o ano lectivo 2024\/25"}]},{"@type":"WebSite","@id":"https:\/\/aaea-angola.org\/#website","url":"https:\/\/aaea-angola.org\/","name":"","description":"","publisher":{"@id":"https:\/\/aaea-angola.org\/#organization"},"alternateName":"Associa\u00e7\u00e3o Angolana para Educa\u00e7\u00e3o de Adultos","potentialAction":[{"@type":"SearchAction","target":{"@type":"EntryPoint","urlTemplate":"https:\/\/aaea-angola.org\/?s={search_term_string}"},"query-input":{"@type":"PropertyValueSpecification","valueRequired":true,"valueName":"search_term_string"}}],"inLanguage":"pt-BR"},{"@type":"Organization","@id":"https:\/\/aaea-angola.org\/#organization","name":"A.A.E.A","alternateName":"Associa\u00e7\u00e3o Angolana para Educa\u00e7\u00e3o de Adultos","url":"https:\/\/aaea-angola.org\/","logo":{"@type":"ImageObject","inLanguage":"pt-BR","@id":"https:\/\/aaea-angola.org\/#\/schema\/logo\/image\/","url":"https:\/\/aaea-angola.org\/wp-content\/uploads\/2023\/01\/logo.png","contentUrl":"https:\/\/aaea-angola.org\/wp-content\/uploads\/2023\/01\/logo.png","width":316,"height":95,"caption":"A.A.E.A"},"image":{"@id":"https:\/\/aaea-angola.org\/#\/schema\/logo\/image\/"}},{"@type":"Person","@id":"https:\/\/aaea-angola.org\/#\/schema\/person\/f1d0f067b400a01353f51ce84bbe3da2","name":"Menezes Menezes","image":{"@type":"ImageObject","inLanguage":"pt-BR","@id":"https:\/\/aaea-angola.org\/#\/schema\/person\/image\/","url":"https:\/\/secure.gravatar.com\/avatar\/de9909fe4110f9443ab569c45be8b2001a71f1c03c3af24e986be0dbf63b0c4b?s=96&d=mm&r=g","contentUrl":"https:\/\/secure.gravatar.com\/avatar\/de9909fe4110f9443ab569c45be8b2001a71f1c03c3af24e986be0dbf63b0c4b?s=96&d=mm&r=g","caption":"Menezes Menezes"},"sameAs":["https:\/\/www.instagram.com\/aaea_edadultos\/#"],"url":"https:\/\/aaea-angola.org\/?author=2"}]}},"_links":{"self":[{"href":"https:\/\/aaea-angola.org\/index.php?rest_route=\/wp\/v2\/posts\/721","targetHints":{"allow":["GET"]}}],"collection":[{"href":"https:\/\/aaea-angola.org\/index.php?rest_route=\/wp\/v2\/posts"}],"about":[{"href":"https:\/\/aaea-angola.org\/index.php?rest_route=\/wp\/v2\/types\/post"}],"author":[{"embeddable":true,"href":"https:\/\/aaea-angola.org\/index.php?rest_route=\/wp\/v2\/users\/2"}],"replies":[{"embeddable":true,"href":"https:\/\/aaea-angola.org\/index.php?rest_route=%2Fwp%2Fv2%2Fcomments&post=721"}],"version-history":[{"count":1,"href":"https:\/\/aaea-angola.org\/index.php?rest_route=\/wp\/v2\/posts\/721\/revisions"}],"predecessor-version":[{"id":723,"href":"https:\/\/aaea-angola.org\/index.php?rest_route=\/wp\/v2\/posts\/721\/revisions\/723"}],"wp:featuredmedia":[{"embeddable":true,"href":"https:\/\/aaea-angola.org\/index.php?rest_route=\/wp\/v2\/media\/722"}],"wp:attachment":[{"href":"https:\/\/aaea-angola.org\/index.php?rest_route=%2Fwp%2Fv2%2Fmedia&parent=721"}],"wp:term":[{"taxonomy":"category","embeddable":true,"href":"https:\/\/aaea-angola.org\/index.php?rest_route=%2Fwp%2Fv2%2Fcategories&post=721"},{"taxonomy":"post_tag","embeddable":true,"href":"https:\/\/aaea-angola.org\/index.php?rest_route=%2Fwp%2Fv2%2Ftags&post=721"}],"curies":[{"name":"wp","href":"https:\/\/api.w.org\/{rel}","templated":true}]}}