{"id":563,"date":"2024-09-11T10:06:22","date_gmt":"2024-09-11T10:06:22","guid":{"rendered":"https:\/\/aaea-angola.org\/?p=563"},"modified":"2024-09-12T12:29:21","modified_gmt":"2024-09-12T12:29:21","slug":"aaea-defende-inclusao-de-alfabetizadores-no-acto-central-do-dia-internacional","status":"publish","type":"post","link":"https:\/\/aaea-angola.org\/?p=563","title":{"rendered":"AAEA defende inclus\u00e3o de alfabetizadores no acto central do dia internacional"},"content":{"rendered":"\n<p>A Associa\u00e7\u00e3o Angolana para Educa\u00e7\u00e3o de Adultos, participou, no \u00faltimo dia 9 de setembro (segunda-feira), do acto central em alus\u00e3o ao Dia Internacional da Alfabetiza\u00e7\u00e3o. Evento organizado pelo Minist\u00e9rio da Educa\u00e7\u00e3o que teve lugar na Funda\u00e7\u00e3o Arte e Cultura, Galeria Tamar Golan, em Luanda, com o objetivo de celebrar a import\u00e2ncia da alfabetiza\u00e7\u00e3o e refor\u00e7ar o compromisso com a educa\u00e7\u00e3o de jovens e adultos em Angola.<\/p>\n\n\n\n<p>O Dia Internacional da Alfabetiza\u00e7\u00e3o \u00e9 uma efem\u00e9ride global celebrada desde 1967 para sensibilizar a sociedade sobre o papel fundamental da alfabetiza\u00e7\u00e3o no desenvolvimento pessoal, social e econ\u00f4mico. A celebra\u00e7\u00e3o na Galeria Tamar Golan foi uma oportunidade para refor\u00e7ar o impacto da alfabetiza\u00e7\u00e3o na inclus\u00e3o social e no empoderamento das comunidades mais desfavorecidas.<\/p>\n\n\n\n<p>A AAEA prop\u00f4s, por meio do discurso feito pelo seu representante, Altino Nunes, a inclus\u00e3o dos alfabetizadores no modelo em que se pretende conceder acesso gratuito ou soubvencionado aos demais benefici\u00e1rios (estudantes, pessoas com NEE, etc) aos transportes p\u00fablicos e a cria\u00e7\u00e3o de um sistema de microcr\u00e9dito did\u00e1ctico para est\u00edmulo de iniciativas geradoras de renda.<\/p>\n\n\n\n<p>O evento contou com a participa\u00e7\u00e3o de entidades goveramentais, parceiros sociais, jovens representantes de grupos de interesse comum e o p\u00fablico das redondezas da Galeria, na Ilha de Luanda. Durante a sess\u00e3o, foram abordados temas relacionados \u00e0 educa\u00e7\u00e3o de adultos, discutindo desafios, conquistas e um painel de hist\u00f3rias de sucesso com a demonstra\u00e7\u00e3o das mudan\u00e7as que a alfabetiza\u00e7\u00e3o tem na vida das pessoas.<\/p>\n\n\n\n<p>Com este evento, a AAEA reafirma seu compromisso em promover a alfabetiza\u00e7\u00e3o como um direito humano essencial, essencial para o desenvolvimento sustent\u00e1vel de Angola e para a constru\u00e7\u00e3o de uma sociedade mais justa e igualit\u00e1ria.<\/p>\n","protected":false},"excerpt":{"rendered":"<p>A Associa\u00e7\u00e3o Angolana para Educa\u00e7\u00e3o de Adultos, participou, no \u00faltimo dia 9 de setembro (segunda-feira), do acto central em alus\u00e3o ao Dia Internacional da Alfabetiza\u00e7\u00e3o. Evento organizado pelo Minist\u00e9rio da Educa\u00e7\u00e3o que teve lugar na Funda\u00e7\u00e3o Arte e Cultura, Galeria Tamar Golan, em Luanda, com o objetivo de celebrar a import\u00e2ncia da alfabetiza\u00e7\u00e3o e refor\u00e7ar&#8230;<\/p>\n","protected":false},"author":2,"featured_media":565,"comment_status":"open","ping_status":"open","sticky":false,"template":"","format":"standard","meta":{"saved_in_kubio":false,"footnotes":""},"categories":[1,9],"tags":[24,16,31,18,32,19],"class_list":["post-563","post","type-post","status-publish","format-standard","has-post-thumbnail","hentry","category-noticias-3","category-noticias","tag-aaea","tag-actividades-aaea","tag-alfabetizacao","tag-angola","tag-diainternacionaldaalfabetizacao","tag-educacao-nao-formal"],"yoast_head":"<!-- This site is optimized with the Yoast SEO plugin v23.5 - https:\/\/yoast.com\/wordpress\/plugins\/seo\/ -->\n<title>AAEA defende inclus\u00e3o de alfabetizadores no acto central do dia internacional &#183;<\/title>\n<meta name=\"description\" content=\"AAEA defende inclus\u00e3o de alfabetizadores no acto central do dia internacional Not\u00edcias &#183;\" \/>\n<meta name=\"robots\" content=\"index, follow, max-snippet:-1, max-image-preview:large, max-video-preview:-1\" \/>\n<link rel=\"canonical\" href=\"https:\/\/aaea-angola.org\/?p=563\" \/>\n<meta property=\"og:locale\" content=\"pt_BR\" \/>\n<meta property=\"og:type\" content=\"article\" \/>\n<meta property=\"og:title\" content=\"AAEA defende inclus\u00e3o de alfabetizadores no acto central do dia internacional &#183;\" \/>\n<meta property=\"og:description\" content=\"AAEA defende inclus\u00e3o de alfabetizadores no acto central do dia internacional Not\u00edcias &#183;\" \/>\n<meta property=\"og:url\" content=\"https:\/\/aaea-angola.org\/?p=563\" \/>\n<meta property=\"article:published_time\" content=\"2024-09-11T10:06:22+00:00\" \/>\n<meta property=\"article:modified_time\" content=\"2024-09-12T12:29:21+00:00\" \/>\n<meta property=\"og:image\" content=\"https:\/\/aaea-angola.org\/wp-content\/uploads\/2024\/09\/IMG_2226-scaled.jpg\" \/>\n\t<meta property=\"og:image:width\" content=\"2560\" \/>\n\t<meta property=\"og:image:height\" content=\"1920\" \/>\n\t<meta property=\"og:image:type\" content=\"image\/jpeg\" \/>\n<meta name=\"author\" content=\"Menezes Menezes\" \/>\n<meta name=\"twitter:card\" content=\"summary_large_image\" \/>\n<meta name=\"twitter:label1\" content=\"Escrito por\" \/>\n\t<meta name=\"twitter:data1\" content=\"Menezes Menezes\" \/>\n\t<meta name=\"twitter:label2\" content=\"Est. tempo de leitura\" \/>\n\t<meta name=\"twitter:data2\" content=\"2 minutos\" \/>\n<script type=\"application\/ld+json\" class=\"yoast-schema-graph\">{\"@context\":\"https:\/\/schema.org\",\"@graph\":[{\"@type\":\"Article\",\"@id\":\"https:\/\/aaea-angola.org\/?p=563#article\",\"isPartOf\":{\"@id\":\"https:\/\/aaea-angola.org\/?p=563\"},\"author\":{\"name\":\"Menezes Menezes\",\"@id\":\"https:\/\/aaea-angola.org\/#\/schema\/person\/f1d0f067b400a01353f51ce84bbe3da2\"},\"headline\":\"AAEA defende inclus\u00e3o de alfabetizadores no acto central do dia internacional\",\"datePublished\":\"2024-09-11T10:06:22+00:00\",\"dateModified\":\"2024-09-12T12:29:21+00:00\",\"mainEntityOfPage\":{\"@id\":\"https:\/\/aaea-angola.org\/?p=563\"},\"wordCount\":319,\"commentCount\":0,\"publisher\":{\"@id\":\"https:\/\/aaea-angola.org\/#organization\"},\"image\":{\"@id\":\"https:\/\/aaea-angola.org\/?p=563#primaryimage\"},\"thumbnailUrl\":\"https:\/\/aaea-angola.org\/wp-content\/uploads\/2024\/09\/IMG_2226-scaled.jpg\",\"keywords\":[\"AAEA\",\"actividades aaea\",\"alfabetiza\u00e7\u00e3o\",\"angola\",\"diainternacionaldaalfabetiza\u00e7\u00e3o\",\"educa\u00e7\u00e3o n\u00e3o formal\"],\"articleSection\":[\"Not\u00edcias\",\"Not\u00edcias\"],\"inLanguage\":\"pt-BR\",\"potentialAction\":[{\"@type\":\"CommentAction\",\"name\":\"Comment\",\"target\":[\"https:\/\/aaea-angola.org\/?p=563#respond\"]}]},{\"@type\":\"WebPage\",\"@id\":\"https:\/\/aaea-angola.org\/?p=563\",\"url\":\"https:\/\/aaea-angola.org\/?p=563\",\"name\":\"AAEA defende inclus\u00e3o de alfabetizadores no acto central do dia internacional &#183;\",\"isPartOf\":{\"@id\":\"https:\/\/aaea-angola.org\/#website\"},\"primaryImageOfPage\":{\"@id\":\"https:\/\/aaea-angola.org\/?p=563#primaryimage\"},\"image\":{\"@id\":\"https:\/\/aaea-angola.org\/?p=563#primaryimage\"},\"thumbnailUrl\":\"https:\/\/aaea-angola.org\/wp-content\/uploads\/2024\/09\/IMG_2226-scaled.jpg\",\"datePublished\":\"2024-09-11T10:06:22+00:00\",\"dateModified\":\"2024-09-12T12:29:21+00:00\",\"description\":\"AAEA defende inclus\u00e3o de alfabetizadores no acto central do dia internacional Not\u00edcias &#183;\",\"breadcrumb\":{\"@id\":\"https:\/\/aaea-angola.org\/?p=563#breadcrumb\"},\"inLanguage\":\"pt-BR\",\"potentialAction\":[{\"@type\":\"ReadAction\",\"target\":[\"https:\/\/aaea-angola.org\/?p=563\"]}]},{\"@type\":\"ImageObject\",\"inLanguage\":\"pt-BR\",\"@id\":\"https:\/\/aaea-angola.org\/?p=563#primaryimage\",\"url\":\"https:\/\/aaea-angola.org\/wp-content\/uploads\/2024\/09\/IMG_2226-scaled.jpg\",\"contentUrl\":\"https:\/\/aaea-angola.org\/wp-content\/uploads\/2024\/09\/IMG_2226-scaled.jpg\",\"width\":2560,\"height\":1920},{\"@type\":\"BreadcrumbList\",\"@id\":\"https:\/\/aaea-angola.org\/?p=563#breadcrumb\",\"itemListElement\":[{\"@type\":\"ListItem\",\"position\":1,\"name\":\"In\u00edcio\",\"item\":\"https:\/\/aaea-angola.org\/\"},{\"@type\":\"ListItem\",\"position\":2,\"name\":\"AAEA defende inclus\u00e3o de alfabetizadores no acto central do dia internacional\"}]},{\"@type\":\"WebSite\",\"@id\":\"https:\/\/aaea-angola.org\/#website\",\"url\":\"https:\/\/aaea-angola.org\/\",\"name\":\"\",\"description\":\"\",\"publisher\":{\"@id\":\"https:\/\/aaea-angola.org\/#organization\"},\"alternateName\":\"Associa\u00e7\u00e3o Angolana para Educa\u00e7\u00e3o de Adultos\",\"potentialAction\":[{\"@type\":\"SearchAction\",\"target\":{\"@type\":\"EntryPoint\",\"urlTemplate\":\"https:\/\/aaea-angola.org\/?s={search_term_string}\"},\"query-input\":{\"@type\":\"PropertyValueSpecification\",\"valueRequired\":true,\"valueName\":\"search_term_string\"}}],\"inLanguage\":\"pt-BR\"},{\"@type\":\"Organization\",\"@id\":\"https:\/\/aaea-angola.org\/#organization\",\"name\":\"A.A.E.A\",\"alternateName\":\"Associa\u00e7\u00e3o Angolana para Educa\u00e7\u00e3o de Adultos\",\"url\":\"https:\/\/aaea-angola.org\/\",\"logo\":{\"@type\":\"ImageObject\",\"inLanguage\":\"pt-BR\",\"@id\":\"https:\/\/aaea-angola.org\/#\/schema\/logo\/image\/\",\"url\":\"https:\/\/aaea-angola.org\/wp-content\/uploads\/2023\/01\/logo.png\",\"contentUrl\":\"https:\/\/aaea-angola.org\/wp-content\/uploads\/2023\/01\/logo.png\",\"width\":316,\"height\":95,\"caption\":\"A.A.E.A\"},\"image\":{\"@id\":\"https:\/\/aaea-angola.org\/#\/schema\/logo\/image\/\"}},{\"@type\":\"Person\",\"@id\":\"https:\/\/aaea-angola.org\/#\/schema\/person\/f1d0f067b400a01353f51ce84bbe3da2\",\"name\":\"Menezes Menezes\",\"image\":{\"@type\":\"ImageObject\",\"inLanguage\":\"pt-BR\",\"@id\":\"https:\/\/aaea-angola.org\/#\/schema\/person\/image\/\",\"url\":\"https:\/\/secure.gravatar.com\/avatar\/de9909fe4110f9443ab569c45be8b2001a71f1c03c3af24e986be0dbf63b0c4b?s=96&d=mm&r=g\",\"contentUrl\":\"https:\/\/secure.gravatar.com\/avatar\/de9909fe4110f9443ab569c45be8b2001a71f1c03c3af24e986be0dbf63b0c4b?s=96&d=mm&r=g\",\"caption\":\"Menezes Menezes\"},\"sameAs\":[\"https:\/\/www.instagram.com\/aaea_edadultos\/#\"],\"url\":\"https:\/\/aaea-angola.org\/?author=2\"}]}<\/script>\n<!-- \/ Yoast SEO plugin. -->","yoast_head_json":{"title":"AAEA defende inclus\u00e3o de alfabetizadores no acto central do dia internacional &#183;","description":"AAEA defende inclus\u00e3o de alfabetizadores no acto central do dia internacional Not\u00edcias &#183;","robots":{"index":"index","follow":"follow","max-snippet":"max-snippet:-1","max-image-preview":"max-image-preview:large","max-video-preview":"max-video-preview:-1"},"canonical":"https:\/\/aaea-angola.org\/?p=563","og_locale":"pt_BR","og_type":"article","og_title":"AAEA defende inclus\u00e3o de alfabetizadores no acto central do dia internacional &#183;","og_description":"AAEA defende inclus\u00e3o de alfabetizadores no acto central do dia internacional Not\u00edcias &#183;","og_url":"https:\/\/aaea-angola.org\/?p=563","article_published_time":"2024-09-11T10:06:22+00:00","article_modified_time":"2024-09-12T12:29:21+00:00","og_image":[{"width":2560,"height":1920,"url":"https:\/\/aaea-angola.org\/wp-content\/uploads\/2024\/09\/IMG_2226-scaled.jpg","type":"image\/jpeg"}],"author":"Menezes Menezes","twitter_card":"summary_large_image","twitter_misc":{"Escrito por":"Menezes Menezes","Est. tempo de leitura":"2 minutos"},"schema":{"@context":"https:\/\/schema.org","@graph":[{"@type":"Article","@id":"https:\/\/aaea-angola.org\/?p=563#article","isPartOf":{"@id":"https:\/\/aaea-angola.org\/?p=563"},"author":{"name":"Menezes Menezes","@id":"https:\/\/aaea-angola.org\/#\/schema\/person\/f1d0f067b400a01353f51ce84bbe3da2"},"headline":"AAEA defende inclus\u00e3o de alfabetizadores no acto central do dia internacional","datePublished":"2024-09-11T10:06:22+00:00","dateModified":"2024-09-12T12:29:21+00:00","mainEntityOfPage":{"@id":"https:\/\/aaea-angola.org\/?p=563"},"wordCount":319,"commentCount":0,"publisher":{"@id":"https:\/\/aaea-angola.org\/#organization"},"image":{"@id":"https:\/\/aaea-angola.org\/?p=563#primaryimage"},"thumbnailUrl":"https:\/\/aaea-angola.org\/wp-content\/uploads\/2024\/09\/IMG_2226-scaled.jpg","keywords":["AAEA","actividades aaea","alfabetiza\u00e7\u00e3o","angola","diainternacionaldaalfabetiza\u00e7\u00e3o","educa\u00e7\u00e3o n\u00e3o formal"],"articleSection":["Not\u00edcias","Not\u00edcias"],"inLanguage":"pt-BR","potentialAction":[{"@type":"CommentAction","name":"Comment","target":["https:\/\/aaea-angola.org\/?p=563#respond"]}]},{"@type":"WebPage","@id":"https:\/\/aaea-angola.org\/?p=563","url":"https:\/\/aaea-angola.org\/?p=563","name":"AAEA defende inclus\u00e3o de alfabetizadores no acto central do dia internacional &#183;","isPartOf":{"@id":"https:\/\/aaea-angola.org\/#website"},"primaryImageOfPage":{"@id":"https:\/\/aaea-angola.org\/?p=563#primaryimage"},"image":{"@id":"https:\/\/aaea-angola.org\/?p=563#primaryimage"},"thumbnailUrl":"https:\/\/aaea-angola.org\/wp-content\/uploads\/2024\/09\/IMG_2226-scaled.jpg","datePublished":"2024-09-11T10:06:22+00:00","dateModified":"2024-09-12T12:29:21+00:00","description":"AAEA defende inclus\u00e3o de alfabetizadores no acto central do dia internacional Not\u00edcias &#183;","breadcrumb":{"@id":"https:\/\/aaea-angola.org\/?p=563#breadcrumb"},"inLanguage":"pt-BR","potentialAction":[{"@type":"ReadAction","target":["https:\/\/aaea-angola.org\/?p=563"]}]},{"@type":"ImageObject","inLanguage":"pt-BR","@id":"https:\/\/aaea-angola.org\/?p=563#primaryimage","url":"https:\/\/aaea-angola.org\/wp-content\/uploads\/2024\/09\/IMG_2226-scaled.jpg","contentUrl":"https:\/\/aaea-angola.org\/wp-content\/uploads\/2024\/09\/IMG_2226-scaled.jpg","width":2560,"height":1920},{"@type":"BreadcrumbList","@id":"https:\/\/aaea-angola.org\/?p=563#breadcrumb","itemListElement":[{"@type":"ListItem","position":1,"name":"In\u00edcio","item":"https:\/\/aaea-angola.org\/"},{"@type":"ListItem","position":2,"name":"AAEA defende inclus\u00e3o de alfabetizadores no acto central do dia internacional"}]},{"@type":"WebSite","@id":"https:\/\/aaea-angola.org\/#website","url":"https:\/\/aaea-angola.org\/","name":"","description":"","publisher":{"@id":"https:\/\/aaea-angola.org\/#organization"},"alternateName":"Associa\u00e7\u00e3o Angolana para Educa\u00e7\u00e3o de Adultos","potentialAction":[{"@type":"SearchAction","target":{"@type":"EntryPoint","urlTemplate":"https:\/\/aaea-angola.org\/?s={search_term_string}"},"query-input":{"@type":"PropertyValueSpecification","valueRequired":true,"valueName":"search_term_string"}}],"inLanguage":"pt-BR"},{"@type":"Organization","@id":"https:\/\/aaea-angola.org\/#organization","name":"A.A.E.A","alternateName":"Associa\u00e7\u00e3o Angolana para Educa\u00e7\u00e3o de Adultos","url":"https:\/\/aaea-angola.org\/","logo":{"@type":"ImageObject","inLanguage":"pt-BR","@id":"https:\/\/aaea-angola.org\/#\/schema\/logo\/image\/","url":"https:\/\/aaea-angola.org\/wp-content\/uploads\/2023\/01\/logo.png","contentUrl":"https:\/\/aaea-angola.org\/wp-content\/uploads\/2023\/01\/logo.png","width":316,"height":95,"caption":"A.A.E.A"},"image":{"@id":"https:\/\/aaea-angola.org\/#\/schema\/logo\/image\/"}},{"@type":"Person","@id":"https:\/\/aaea-angola.org\/#\/schema\/person\/f1d0f067b400a01353f51ce84bbe3da2","name":"Menezes Menezes","image":{"@type":"ImageObject","inLanguage":"pt-BR","@id":"https:\/\/aaea-angola.org\/#\/schema\/person\/image\/","url":"https:\/\/secure.gravatar.com\/avatar\/de9909fe4110f9443ab569c45be8b2001a71f1c03c3af24e986be0dbf63b0c4b?s=96&d=mm&r=g","contentUrl":"https:\/\/secure.gravatar.com\/avatar\/de9909fe4110f9443ab569c45be8b2001a71f1c03c3af24e986be0dbf63b0c4b?s=96&d=mm&r=g","caption":"Menezes Menezes"},"sameAs":["https:\/\/www.instagram.com\/aaea_edadultos\/#"],"url":"https:\/\/aaea-angola.org\/?author=2"}]}},"_links":{"self":[{"href":"https:\/\/aaea-angola.org\/index.php?rest_route=\/wp\/v2\/posts\/563","targetHints":{"allow":["GET"]}}],"collection":[{"href":"https:\/\/aaea-angola.org\/index.php?rest_route=\/wp\/v2\/posts"}],"about":[{"href":"https:\/\/aaea-angola.org\/index.php?rest_route=\/wp\/v2\/types\/post"}],"author":[{"embeddable":true,"href":"https:\/\/aaea-angola.org\/index.php?rest_route=\/wp\/v2\/users\/2"}],"replies":[{"embeddable":true,"href":"https:\/\/aaea-angola.org\/index.php?rest_route=%2Fwp%2Fv2%2Fcomments&post=563"}],"version-history":[{"count":4,"href":"https:\/\/aaea-angola.org\/index.php?rest_route=\/wp\/v2\/posts\/563\/revisions"}],"predecessor-version":[{"id":570,"href":"https:\/\/aaea-angola.org\/index.php?rest_route=\/wp\/v2\/posts\/563\/revisions\/570"}],"wp:featuredmedia":[{"embeddable":true,"href":"https:\/\/aaea-angola.org\/index.php?rest_route=\/wp\/v2\/media\/565"}],"wp:attachment":[{"href":"https:\/\/aaea-angola.org\/index.php?rest_route=%2Fwp%2Fv2%2Fmedia&parent=563"}],"wp:term":[{"taxonomy":"category","embeddable":true,"href":"https:\/\/aaea-angola.org\/index.php?rest_route=%2Fwp%2Fv2%2Fcategories&post=563"},{"taxonomy":"post_tag","embeddable":true,"href":"https:\/\/aaea-angola.org\/index.php?rest_route=%2Fwp%2Fv2%2Ftags&post=563"}],"curies":[{"name":"wp","href":"https:\/\/api.w.org\/{rel}","templated":true}]}}